{"id":25,"date":"2010-04-29T23:22:58","date_gmt":"2010-04-29T21:22:58","guid":{"rendered":"http:\/\/manuelrivas.com\/cousas_temp\/?p=25"},"modified":"2013-07-07T22:15:31","modified_gmt":"2013-07-07T20:15:31","slug":"ainda-eu-non-nascera","status":"publish","type":"post","link":"http:\/\/www.manuelrivas.com\/cousas\/ainda-eu-non-nascera\/","title":{"rendered":"A\u00ednda eu non nascera"},"content":{"rendered":"<p><a href=\"http:\/\/www.manuelrivas.com\/cousas\/wp-content\/uploads\/ainda-eu-non-nascera.png\" target=\"_blank\"><img loading=\"lazy\" decoding=\"async\" data-attachment-id=\"429\" data-permalink=\"http:\/\/www.manuelrivas.com\/cousas\/ainda-eu-non-nascera\/ainda-eu-non-nascera-2\/\" data-orig-file=\"http:\/\/www.manuelrivas.com\/cousas\/wp-content\/uploads\/ainda-eu-non-nascera.png\" data-orig-size=\"500,340\" data-comments-opened=\"1\" data-image-meta=\"{&quot;aperture&quot;:&quot;0&quot;,&quot;credit&quot;:&quot;&quot;,&quot;camera&quot;:&quot;&quot;,&quot;caption&quot;:&quot;&quot;,&quot;created_timestamp&quot;:&quot;0&quot;,&quot;copyright&quot;:&quot;&quot;,&quot;focal_length&quot;:&quot;0&quot;,&quot;iso&quot;:&quot;0&quot;,&quot;shutter_speed&quot;:&quot;0&quot;,&quot;title&quot;:&quot;&quot;}\" data-image-title=\"A\u00ednda eu non nascera &amp;#8211; Cousas de Castelao\" data-image-description=\"\" data-medium-file=\"http:\/\/www.manuelrivas.com\/cousas\/wp-content\/uploads\/ainda-eu-non-nascera-300x204.png\" data-large-file=\"http:\/\/www.manuelrivas.com\/cousas\/wp-content\/uploads\/ainda-eu-non-nascera.png\" class=\"alignright  wp-image-429\" alt=\"A\u00ednda eu non nascera - Cousas de Castelao\" src=\"http:\/\/www.manuelrivas.com\/cousas\/wp-content\/uploads\/ainda-eu-non-nascera.png\" width=\"250\" height=\"170\" srcset=\"http:\/\/www.manuelrivas.com\/cousas\/wp-content\/uploads\/ainda-eu-non-nascera.png 500w, http:\/\/www.manuelrivas.com\/cousas\/wp-content\/uploads\/ainda-eu-non-nascera-300x204.png 300w, http:\/\/www.manuelrivas.com\/cousas\/wp-content\/uploads\/ainda-eu-non-nascera-441x300.png 441w\" sizes=\"auto, (max-width: 250px) 100vw, 250px\" \/><\/a>A\u00ednda eu non nascera e mi\u00f1a nai era pequena.<\/p>\n<p>Na bocanoite dun d\u00eda morno de abril as xentes da mi\u00f1a vila ollaron unha raiola de luz que vi\u00f1a do mar, batendo no campanario da eirexa como unha raiola de sol colada por unha fenda das nubes; pero non era de sol nin de luar nin de cousa semellante. Aquilo era unha luz de l\u00f3stregos, botada por un ollo vixiante, que cachea algo, det\u00e9ndose de tempo en tempo no campanario da eirexa para sabe-la hora e seguir dispois traballando.<!--more--><\/p>\n<p>As xentes acud\u00edan en greas dende t\u00f3dolos cabos da vila e plant\u00e1banse na praza, todos caladi\u00f1os coma petos. Chantados os p\u00e9s no chan segu\u00edan cos ollos o movimento da luz; alentaban a modo e os coraz\u00f3ns petaban forte.<\/p>\n<p>Xa noite pechada chegou o m\u00e9dico, home de moito creto cent\u00edfico, e todos f\u00f3ronse a il agardando que da s\u00faa boca sa\u00edse a verdade. O m\u00e9dico ollou a luz, enrugou a nar\u00eds, ergueu os hombreiros e dixo con cara de poucos amigos:<\/p>\n<p>\u2014 Eu non co\u00f1ezo iste fen\u00f3meno.<\/p>\n<p>Nunca tal dixera. Unha muller formulou nun ch\u00edo de delor o medo de todos. E as xentes enlouquecidas espall\u00e1ronse polas r\u00faas berrando: &#8220;\u00a1Que se acaba o mundo!&#8221; &#8220;\u00a1Que se acaba o mundo!&#8221;<\/p>\n<p>Uns corr\u00edan con sacos de pan \u00f3 lombo en dereitura do monte, outros axionll\u00e1banse nos cruceiros e rezaban. Os neni\u00f1os, levados polas nais, carp\u00edan con t\u00f3dolos folgos; os vellos ped\u00edan confesi\u00f3n.<\/p>\n<p>Os ladr\u00f3ns restitu\u00edan o roubado ou declaraban o roubo; os calumniadores apreixaban a roupa das s\u00faas v\u00edtimas pedindo perd\u00f3n. Diante da morte todos se laiaban dos seus pecados.<\/p>\n<p>E arreo segu\u00edan resoando na noite, como cantos de galo, os berros arrepiantes: &#8220;\u00a1Que se acaba o mundo!&#8221; &#8220;\u00a1Que se acaba o mundo!&#8221;<\/p>\n<p>O vello abade non daba abasto confesando pecadores e, canso xa, deteminou benzoar a todos e absolvelos porque a morte estaba perto e non hab\u00eda tempo que perder.<\/p>\n<p>Nisto chegou Ram\u00f3n, o mozo m\u00e1is forte da vila, traendo da man a moza dos seus amores. A parella de namorados furaban na xente como unha punta de ferro e, dispois de moito traballo, present\u00e1ronse diante do abade e caeron \u00f3s seus p\u00e9s.<\/p>\n<p>\u2014 C\u00e1senos, se\u00f1or, c\u00e1senos, que estamos vivindo en pecado mortal.<\/p>\n<p>E cando a\u00ednda non rematara de abenzoalos o abade, escoitouse unha voz que dec\u00eda:<\/p>\n<p>\u2014 \u00a1Non te\u00f1ades medo ning\u00fan, que \u00e9 luz el\u00e9utrica da escoadra inglesa! \u00a1Non te\u00f1ades medo que \u00e9 luz el\u00e9utrica!<\/p>\n<p>Era o dono da f\u00e1brica de salaz\u00f3n, que vi\u00f1a correndo cun farol na man.<\/p>\n<p>Ram\u00f3n e Micalea xa non viv\u00edan en pecado e colleron vergonza diante da xente.<\/p>\n<div class=\"sharedaddy sd-sharing-enabled\"><div class=\"robots-nocontent sd-block sd-social sd-social-official sd-sharing\"><h3 class=\"sd-title\">Compartir isto:<\/h3><div class=\"sd-content\"><ul><li class=\"share-facebook\"><div class=\"fb-share-button\" data-href=\"http:\/\/www.manuelrivas.com\/cousas\/ainda-eu-non-nascera\/\" data-layout=\"button_count\"><\/div><\/li><li class=\"share-twitter\"><a href=\"https:\/\/twitter.com\/share\" class=\"twitter-share-button\" data-url=\"http:\/\/www.manuelrivas.com\/cousas\/ainda-eu-non-nascera\/\" data-text=\"A\u00ednda eu non nascera\"  >Tweet<\/a><\/li><li class=\"share-pinterest\"><div class=\"pinterest_button\"><a href=\"https:\/\/www.pinterest.com\/pin\/create\/button\/?url=http%3A%2F%2Fwww.manuelrivas.com%2Fcousas%2Fainda-eu-non-nascera%2F&#038;media=https%3A%2F%2Fsecure.gravatar.com%2Favatar%2F3415e4dc89bc3da8edca6b718e0df87bd3953dbe2ee4852873e76517505a1142%3Fs%3D96%26d%3Dmm%26r%3Dg&#038;description=A%C3%ADnda%20eu%20non%20nascera\" data-pin-do=\"buttonPin\" data-pin-config=\"beside\"><img src=\"\/\/assets.pinterest.com\/images\/pidgets\/pinit_fg_en_rect_gray_20.png\" \/><\/a><\/div><\/li><li><a href=\"#\" class=\"sharing-anchor sd-button share-more\"><span>M\u00e1is<\/span><\/a><\/li><li class=\"share-end\"><\/li><\/ul><div class=\"sharing-hidden\"><div class=\"inner\" style=\"display: none;\"><ul><li class=\"share-tumblr\"><a class=\"tumblr-share-button\" target=\"_blank\" href=\"https:\/\/www.tumblr.com\/share\" data-title=\"A\u00ednda eu non nascera\" data-content=\"http:\/\/www.manuelrivas.com\/cousas\/ainda-eu-non-nascera\/\" title=\"Compartir en Tumblr\"data-posttype=\"link\">Compartir en Tumblr<\/a><\/li><li class=\"share-email\"><a rel=\"nofollow noopener noreferrer\" data-shared=\"\" class=\"share-email sd-button\" href=\"http:\/\/www.manuelrivas.com\/cousas\/ainda-eu-non-nascera\/?share=email\" target=\"_blank\" title=\"Enviar isto a unha amizade\"><span>Correo-e<\/span><\/a><\/li><li class=\"share-end\"><\/li><li class=\"share-print\"><a rel=\"nofollow noopener noreferrer\" data-shared=\"\" class=\"share-print sd-button\" href=\"http:\/\/www.manuelrivas.com\/cousas\/ainda-eu-non-nascera\/\" target=\"_blank\" title=\"Imprimir\"><span>Imprimir<\/span><\/a><\/li><li class=\"share-end\"><\/li><\/ul><\/div><\/div><\/div><\/div><\/div>","protected":false},"excerpt":{"rendered":"<p>A\u00ednda eu non nascera e mi\u00f1a nai era pequena. Na bocanoite dun d\u00eda morno de abril as xentes da mi\u00f1a vila ollaron unha raiola de luz que vi\u00f1a do mar, batendo no campanario da eirexa como unha raiola de sol colada por unha fenda das nubes; pero non era de sol nin de luar nin [&hellip;]<\/p>\n<div class=\"sharedaddy sd-sharing-enabled\"><div class=\"robots-nocontent sd-block sd-social sd-social-official sd-sharing\"><h3 class=\"sd-title\">Compartir isto:<\/h3><div class=\"sd-content\"><ul><li class=\"share-facebook\"><div class=\"fb-share-button\" data-href=\"http:\/\/www.manuelrivas.com\/cousas\/ainda-eu-non-nascera\/\" data-layout=\"button_count\"><\/div><\/li><li class=\"share-twitter\"><a href=\"https:\/\/twitter.com\/share\" class=\"twitter-share-button\" data-url=\"http:\/\/www.manuelrivas.com\/cousas\/ainda-eu-non-nascera\/\" data-text=\"A\u00ednda eu non nascera\"  >Tweet<\/a><\/li><li class=\"share-pinterest\"><div class=\"pinterest_button\"><a href=\"https:\/\/www.pinterest.com\/pin\/create\/button\/?url=http%3A%2F%2Fwww.manuelrivas.com%2Fcousas%2Fainda-eu-non-nascera%2F&#038;media=https%3A%2F%2Fsecure.gravatar.com%2Favatar%2F3415e4dc89bc3da8edca6b718e0df87bd3953dbe2ee4852873e76517505a1142%3Fs%3D96%26d%3Dmm%26r%3Dg&#038;description=A%C3%ADnda%20eu%20non%20nascera\" data-pin-do=\"buttonPin\" data-pin-config=\"beside\"><img src=\"\/\/assets.pinterest.com\/images\/pidgets\/pinit_fg_en_rect_gray_20.png\" \/><\/a><\/div><\/li><li><a href=\"#\" class=\"sharing-anchor sd-button share-more\"><span>M\u00e1is<\/span><\/a><\/li><li class=\"share-end\"><\/li><\/ul><div class=\"sharing-hidden\"><div class=\"inner\" style=\"display: none;\"><ul><li class=\"share-tumblr\"><a class=\"tumblr-share-button\" target=\"_blank\" href=\"https:\/\/www.tumblr.com\/share\" data-title=\"A\u00ednda eu non nascera\" data-content=\"http:\/\/www.manuelrivas.com\/cousas\/ainda-eu-non-nascera\/\" title=\"Compartir en Tumblr\"data-posttype=\"link\">Compartir en Tumblr<\/a><\/li><li class=\"share-email\"><a rel=\"nofollow noopener noreferrer\" data-shared=\"\" class=\"share-email sd-button\" href=\"http:\/\/www.manuelrivas.com\/cousas\/ainda-eu-non-nascera\/?share=email\" target=\"_blank\" title=\"Enviar isto a unha amizade\"><span>Correo-e<\/span><\/a><\/li><li class=\"share-end\"><\/li><li class=\"share-print\"><a rel=\"nofollow noopener noreferrer\" data-shared=\"\" class=\"share-print sd-button\" href=\"http:\/\/www.manuelrivas.com\/cousas\/ainda-eu-non-nascera\/\" target=\"_blank\" title=\"Imprimir\"><span>Imprimir<\/span><\/a><\/li><li class=\"share-end\"><\/li><\/ul><\/div><\/div><\/div><\/div><\/div>","protected":false},"author":1,"featured_media":0,"comment_status":"open","ping_status":"open","sticky":false,"template":"","format":"standard","meta":{"spay_email":"","footnotes":"","jetpack_publicize_message":"","jetpack_is_tweetstorm":false},"categories":[4],"tags":[18],"class_list":["post-25","post","type-post","status-publish","format-standard","hentry","category-cousas","tag-outras-cousas"],"jetpack_featured_media_url":"","jetpack_publicize_connections":[],"jetpack_shortlink":"https:\/\/wp.me\/p1LwQO-p","jetpack_sharing_enabled":true,"_links":{"self":[{"href":"http:\/\/www.manuelrivas.com\/cousas\/wp-json\/wp\/v2\/posts\/25","targetHints":{"allow":["GET"]}}],"collection":[{"href":"http:\/\/www.manuelrivas.com\/cousas\/wp-json\/wp\/v2\/posts"}],"about":[{"href":"http:\/\/www.manuelrivas.com\/cousas\/wp-json\/wp\/v2\/types\/post"}],"author":[{"embeddable":true,"href":"http:\/\/www.manuelrivas.com\/cousas\/wp-json\/wp\/v2\/users\/1"}],"replies":[{"embeddable":true,"href":"http:\/\/www.manuelrivas.com\/cousas\/wp-json\/wp\/v2\/comments?post=25"}],"version-history":[{"count":8,"href":"http:\/\/www.manuelrivas.com\/cousas\/wp-json\/wp\/v2\/posts\/25\/revisions"}],"predecessor-version":[{"id":124,"href":"http:\/\/www.manuelrivas.com\/cousas\/wp-json\/wp\/v2\/posts\/25\/revisions\/124"}],"wp:attachment":[{"href":"http:\/\/www.manuelrivas.com\/cousas\/wp-json\/wp\/v2\/media?parent=25"}],"wp:term":[{"taxonomy":"category","embeddable":true,"href":"http:\/\/www.manuelrivas.com\/cousas\/wp-json\/wp\/v2\/categories?post=25"},{"taxonomy":"post_tag","embeddable":true,"href":"http:\/\/www.manuelrivas.com\/cousas\/wp-json\/wp\/v2\/tags?post=25"}],"curies":[{"name":"wp","href":"https:\/\/api.w.org\/{rel}","templated":true}]}}