{"id":349,"date":"2013-08-19T00:01:48","date_gmt":"2013-08-18T22:01:48","guid":{"rendered":"http:\/\/www.manuelrivas.com\/cousas\/?p=349"},"modified":"2013-09-02T15:35:41","modified_gmt":"2013-09-02T13:35:41","slug":"era-un-nenino-de-manteiga","status":"publish","type":"post","link":"http:\/\/www.manuelrivas.com\/cousas\/era-un-nenino-de-manteiga\/","title":{"rendered":"Era un neni\u00f1o de manteiga"},"content":{"rendered":"<p><a href=\"http:\/\/www.manuelrivas.com\/cousas\/wp-content\/uploads\/neninho-manteiga.png\" target=\"_blank\"><img loading=\"lazy\" decoding=\"async\" data-attachment-id=\"352\" data-permalink=\"http:\/\/www.manuelrivas.com\/cousas\/o-fillo-de-rosendo\/neninho-manteiga\/\" data-orig-file=\"http:\/\/www.manuelrivas.com\/cousas\/wp-content\/uploads\/neninho-manteiga.png\" data-orig-size=\"500,1003\" data-comments-opened=\"1\" data-image-meta=\"{&quot;aperture&quot;:&quot;0&quot;,&quot;credit&quot;:&quot;&quot;,&quot;camera&quot;:&quot;&quot;,&quot;caption&quot;:&quot;&quot;,&quot;created_timestamp&quot;:&quot;0&quot;,&quot;copyright&quot;:&quot;&quot;,&quot;focal_length&quot;:&quot;0&quot;,&quot;iso&quot;:&quot;0&quot;,&quot;shutter_speed&quot;:&quot;0&quot;,&quot;title&quot;:&quot;&quot;}\" data-image-title=\"Era un neni\u00f1o de manteiga &amp;#8211; Cousas de Castelao\" data-image-description=\"\" data-medium-file=\"http:\/\/www.manuelrivas.com\/cousas\/wp-content\/uploads\/neninho-manteiga-149x300.png\" data-large-file=\"http:\/\/www.manuelrivas.com\/cousas\/wp-content\/uploads\/neninho-manteiga.png\" class=\"alignright  wp-image-352\" alt=\"Era un neni\u00f1o de manteiga - Cousas de Castelao\" src=\"http:\/\/www.manuelrivas.com\/cousas\/wp-content\/uploads\/neninho-manteiga.png\" width=\"250\" height=\"502\" srcset=\"http:\/\/www.manuelrivas.com\/cousas\/wp-content\/uploads\/neninho-manteiga.png 500w, http:\/\/www.manuelrivas.com\/cousas\/wp-content\/uploads\/neninho-manteiga-149x300.png 149w\" sizes=\"auto, (max-width: 250px) 100vw, 250px\" \/><\/a>Era un neni\u00f1o de manteiga, bonito coma un caravel. Ningunha se\u00f1ora pod\u00eda ollalo sen bicalo.<\/p>\n<p>Vistidi\u00f1o coma un pr\u00edncipe de lenda, ti\u00f1a un ollar tristeiro de neno medrado en sedas e bicos.<\/p>\n<p>Os seus traxes primorosos fac\u00edan do neno un monequi\u00f1o para bicar con degaro.<\/p>\n<p>O seu traxe de antroido custaba dous meses de traballo, e a s\u00faa nai rev\u00edase de ledicia.<\/p>\n<p>Porque \u00e1 s\u00faa beira t\u00f3dolos nenos daban m\u00e1goa, vistidi\u00f1os con traxes cativos.<\/p>\n<p>E a fermosura do neno foi a s\u00faa desgracia.\u00a0<!--more--><\/p>\n<p>Pouco a pouco, na quentura dos agarimos, o neno f\u00edxose mozo. Un mozo cheo de bondade. Unha bondade chea de inocencia.<\/p>\n<p>O mozo entrou nunha academia militar e a s\u00faa nai choraba, choraba; mais no fondo do fondo da s\u00faa ialma ela ben arelaba que o seu fillo fose distinto.<\/p>\n<p>E cando chegou vistido de cadete a nai entoleceu de fachenda. E o mozo segu\u00eda coa s\u00faa bondade limpa e branca de neno.<\/p>\n<p>Un d\u00eda o mozo marchou \u00e1 guerra por obliga da s\u00faa profesi\u00f3n.<\/p>\n<p>E al\u00ed ca\u00edu ferido de morte. E \u00f3 morrer non dixo m\u00e1is que esta frase tremendamente tr\u00e1xica:<\/p>\n<p><em>\u00a1Ay, mi mama\u00edta!<\/em><\/p>\n<div class=\"sharedaddy sd-sharing-enabled\"><div class=\"robots-nocontent sd-block sd-social sd-social-official sd-sharing\"><h3 class=\"sd-title\">Compartir isto:<\/h3><div class=\"sd-content\"><ul><li class=\"share-facebook\"><div class=\"fb-share-button\" data-href=\"http:\/\/www.manuelrivas.com\/cousas\/era-un-nenino-de-manteiga\/\" data-layout=\"button_count\"><\/div><\/li><li class=\"share-twitter\"><a href=\"https:\/\/twitter.com\/share\" class=\"twitter-share-button\" data-url=\"http:\/\/www.manuelrivas.com\/cousas\/era-un-nenino-de-manteiga\/\" data-text=\"Era un neni\u00f1o de manteiga\"  >Tweet<\/a><\/li><li class=\"share-pinterest\"><div class=\"pinterest_button\"><a href=\"https:\/\/www.pinterest.com\/pin\/create\/button\/?url=http%3A%2F%2Fwww.manuelrivas.com%2Fcousas%2Fera-un-nenino-de-manteiga%2F&#038;media=http%3A%2F%2Fwww.manuelrivas.com%2Fcousas%2Fwp-content%2Fuploads%2Fneninho-manteiga.png&#038;description=Era%20un%20neni%C3%B1o%20de%20manteiga\" data-pin-do=\"buttonPin\" data-pin-config=\"beside\"><img src=\"\/\/assets.pinterest.com\/images\/pidgets\/pinit_fg_en_rect_gray_20.png\" \/><\/a><\/div><\/li><li><a href=\"#\" class=\"sharing-anchor sd-button share-more\"><span>M\u00e1is<\/span><\/a><\/li><li class=\"share-end\"><\/li><\/ul><div class=\"sharing-hidden\"><div class=\"inner\" style=\"display: none;\"><ul><li class=\"share-tumblr\"><a class=\"tumblr-share-button\" target=\"_blank\" href=\"https:\/\/www.tumblr.com\/share\" data-title=\"Era un neni\u00f1o de manteiga\" data-content=\"http:\/\/www.manuelrivas.com\/cousas\/era-un-nenino-de-manteiga\/\" title=\"Compartir en Tumblr\"data-posttype=\"link\">Compartir en Tumblr<\/a><\/li><li class=\"share-email\"><a rel=\"nofollow noopener noreferrer\" data-shared=\"\" class=\"share-email sd-button\" href=\"http:\/\/www.manuelrivas.com\/cousas\/era-un-nenino-de-manteiga\/?share=email\" target=\"_blank\" title=\"Enviar isto a unha amizade\"><span>Correo-e<\/span><\/a><\/li><li class=\"share-end\"><\/li><li class=\"share-print\"><a rel=\"nofollow noopener noreferrer\" data-shared=\"\" class=\"share-print sd-button\" href=\"http:\/\/www.manuelrivas.com\/cousas\/era-un-nenino-de-manteiga\/\" target=\"_blank\" title=\"Imprimir\"><span>Imprimir<\/span><\/a><\/li><li class=\"share-end\"><\/li><\/ul><\/div><\/div><\/div><\/div><\/div>","protected":false},"excerpt":{"rendered":"<p>Era un neni\u00f1o de manteiga, bonito coma un caravel. Ningunha se\u00f1ora pod\u00eda ollalo sen bicalo. Vistidi\u00f1o coma un pr\u00edncipe de lenda, ti\u00f1a un ollar tristeiro de neno medrado en sedas e bicos. Os seus traxes primorosos fac\u00edan do neno un monequi\u00f1o para bicar con degaro. O seu traxe de antroido custaba dous meses de traballo, [&hellip;]<\/p>\n<div class=\"sharedaddy sd-sharing-enabled\"><div class=\"robots-nocontent sd-block sd-social sd-social-official sd-sharing\"><h3 class=\"sd-title\">Compartir isto:<\/h3><div class=\"sd-content\"><ul><li class=\"share-facebook\"><div class=\"fb-share-button\" data-href=\"http:\/\/www.manuelrivas.com\/cousas\/era-un-nenino-de-manteiga\/\" data-layout=\"button_count\"><\/div><\/li><li class=\"share-twitter\"><a href=\"https:\/\/twitter.com\/share\" class=\"twitter-share-button\" data-url=\"http:\/\/www.manuelrivas.com\/cousas\/era-un-nenino-de-manteiga\/\" data-text=\"Era un neni\u00f1o de manteiga\"  >Tweet<\/a><\/li><li class=\"share-pinterest\"><div class=\"pinterest_button\"><a href=\"https:\/\/www.pinterest.com\/pin\/create\/button\/?url=http%3A%2F%2Fwww.manuelrivas.com%2Fcousas%2Fera-un-nenino-de-manteiga%2F&#038;media=http%3A%2F%2Fwww.manuelrivas.com%2Fcousas%2Fwp-content%2Fuploads%2Fneninho-manteiga.png&#038;description=Era%20un%20neni%C3%B1o%20de%20manteiga\" data-pin-do=\"buttonPin\" data-pin-config=\"beside\"><img src=\"\/\/assets.pinterest.com\/images\/pidgets\/pinit_fg_en_rect_gray_20.png\" \/><\/a><\/div><\/li><li><a href=\"#\" class=\"sharing-anchor sd-button share-more\"><span>M\u00e1is<\/span><\/a><\/li><li class=\"share-end\"><\/li><\/ul><div class=\"sharing-hidden\"><div class=\"inner\" style=\"display: none;\"><ul><li class=\"share-tumblr\"><a class=\"tumblr-share-button\" target=\"_blank\" href=\"https:\/\/www.tumblr.com\/share\" data-title=\"Era un neni\u00f1o de manteiga\" data-content=\"http:\/\/www.manuelrivas.com\/cousas\/era-un-nenino-de-manteiga\/\" title=\"Compartir en Tumblr\"data-posttype=\"link\">Compartir en Tumblr<\/a><\/li><li class=\"share-email\"><a rel=\"nofollow noopener noreferrer\" data-shared=\"\" class=\"share-email sd-button\" href=\"http:\/\/www.manuelrivas.com\/cousas\/era-un-nenino-de-manteiga\/?share=email\" target=\"_blank\" title=\"Enviar isto a unha amizade\"><span>Correo-e<\/span><\/a><\/li><li class=\"share-end\"><\/li><li class=\"share-print\"><a rel=\"nofollow noopener noreferrer\" data-shared=\"\" class=\"share-print sd-button\" href=\"http:\/\/www.manuelrivas.com\/cousas\/era-un-nenino-de-manteiga\/\" target=\"_blank\" title=\"Imprimir\"><span>Imprimir<\/span><\/a><\/li><li class=\"share-end\"><\/li><\/ul><\/div><\/div><\/div><\/div><\/div>","protected":false},"author":1,"featured_media":0,"comment_status":"open","ping_status":"open","sticky":false,"template":"","format":"standard","meta":{"spay_email":"","footnotes":"","jetpack_publicize_message":"","jetpack_is_tweetstorm":false},"categories":[4],"tags":[18],"class_list":["post-349","post","type-post","status-publish","format-standard","hentry","category-cousas","tag-outras-cousas"],"jetpack_featured_media_url":"","jetpack_publicize_connections":[],"jetpack_shortlink":"https:\/\/wp.me\/p1LwQO-5D","jetpack_sharing_enabled":true,"_links":{"self":[{"href":"http:\/\/www.manuelrivas.com\/cousas\/wp-json\/wp\/v2\/posts\/349","targetHints":{"allow":["GET"]}}],"collection":[{"href":"http:\/\/www.manuelrivas.com\/cousas\/wp-json\/wp\/v2\/posts"}],"about":[{"href":"http:\/\/www.manuelrivas.com\/cousas\/wp-json\/wp\/v2\/types\/post"}],"author":[{"embeddable":true,"href":"http:\/\/www.manuelrivas.com\/cousas\/wp-json\/wp\/v2\/users\/1"}],"replies":[{"embeddable":true,"href":"http:\/\/www.manuelrivas.com\/cousas\/wp-json\/wp\/v2\/comments?post=349"}],"version-history":[{"count":5,"href":"http:\/\/www.manuelrivas.com\/cousas\/wp-json\/wp\/v2\/posts\/349\/revisions"}],"predecessor-version":[{"id":459,"href":"http:\/\/www.manuelrivas.com\/cousas\/wp-json\/wp\/v2\/posts\/349\/revisions\/459"}],"wp:attachment":[{"href":"http:\/\/www.manuelrivas.com\/cousas\/wp-json\/wp\/v2\/media?parent=349"}],"wp:term":[{"taxonomy":"category","embeddable":true,"href":"http:\/\/www.manuelrivas.com\/cousas\/wp-json\/wp\/v2\/categories?post=349"},{"taxonomy":"post_tag","embeddable":true,"href":"http:\/\/www.manuelrivas.com\/cousas\/wp-json\/wp\/v2\/tags?post=349"}],"curies":[{"name":"wp","href":"https:\/\/api.w.org\/{rel}","templated":true}]}}